{"id":788,"date":"2024-01-10T10:52:02","date_gmt":"2024-01-10T13:52:02","guid":{"rendered":"https:\/\/detronicenergia.com\/blog\/?p=788"},"modified":"2024-01-05T10:54:26","modified_gmt":"2024-01-05T13:54:26","slug":"detronic-energia-solar-historia","status":"publish","type":"post","link":"https:\/\/detronicenergia.com\/blog\/detronic-energia-solar-historia\/","title":{"rendered":"Detronic Energia: Inova\u00e7\u00e3o no setor de energia solar em Minas Gerais"},"content":{"rendered":"\n<p>O mercado de energia no Brasil est\u00e1 em alta, e algumas empresas est\u00e3o se destacando devido \u00e0 produ\u00e7\u00e3o de energia limpa e renov\u00e1vel. A <strong>Detronic Energia <\/strong>\u00e9 uma das organiza\u00e7\u00f5es que t\u00eam ganhado repercuss\u00e3o n\u00e3o apenas por produzir energia solar, mas tamb\u00e9m por democratizar o acesso a essa fonte alternativa com um modelo de assinatura.<\/p>\n\n\n\n<p>O estado de Minas Gerais (MG) se tornou refer\u00eancia no pa\u00eds inteiro na produ\u00e7\u00e3o de <a href=\"https:\/\/detronicenergia.com\/blog\/mitos-e-verdades-sobre-energia-solar\/\" rel=\"noreferrer noopener\" target=\"_blank\">energia solar<\/a>, e a Detronic tem orgulho de fazer parte dessa hist\u00f3ria. Minas atingiu a marca de <strong>6 Gigawatt (GW) de energia solar em opera\u00e7\u00e3o<\/strong>, resultado que consolida o estado como produtor de <a href=\"https:\/\/www.itatiaia.com.br\/editorias\/cidades\/2023\/06\/28\/minas-gerais-gera-um-quinto-de-toda-a-energia-solar-produzida-no-brasil\" rel=\"noreferrer noopener\" target=\"_blank\">um quinto (1\/5) da energia solar produzida no Brasil<\/a>, segundo a ANEEL (Ag\u00eancia Nacional de Energia El\u00e9trica).&nbsp;<\/p>\n\n\n\n<p>O desenvolvimento da energia solar no estado s\u00e3o frutos do trabalho \u00e1rduo e pioneiro de empresas comprometidas com a inova\u00e7\u00e3o e a sustentabilidade, como a Detronic Energia. Para conhecer mais sobre essa hist\u00f3ria, continue a leitura e conhe\u00e7a mais sobre n\u00f3s!<\/p>\n\n\n\n<h2 class=\"wp-block-heading\">Hist\u00f3ria da Detronic<\/h2>\n\n\n\n<p>Conhe\u00e7a a trajet\u00f3ria desde nossos primeiros passos em 1996 at\u00e9 os avan\u00e7os de hoje. Uma hist\u00f3ria marcada por conquistas, desafios e um comprometimento com a excel\u00eancia e a energia sustent\u00e1vel.<\/p>\n\n\n\n<h3 class=\"wp-block-heading\">1996: in\u00edcio das atividades<\/h3>\n\n\n\n<p>O Grupo Detronic deu seus primeiros passos no ano de 1996 com solu\u00e7\u00f5es voltadas para <strong>demoli\u00e7\u00f5es, desmontes e manuten\u00e7\u00f5es<\/strong>. Esse foi o ponto de partida para a empresa estabelecer alicerces no mercado e acumular experi\u00eancia para o crescimento futuro.<\/p>\n\n\n\n<h3 class=\"wp-block-heading\">2013: expans\u00e3o para o mercado de energia<\/h3>\n\n\n\n<p>Em 2013, a Detronic expandiu seu horizonte no mercado de solu\u00e7\u00f5es de energia provenientes de uma<strong> fonte renov\u00e1vel<\/strong>: a energia solar. A expans\u00e3o foi um marco, pois evidenciou o compromisso da Detronic com pr\u00e1ticas sustent\u00e1veis e inovadoras.<\/p>\n\n\n\n<h3 class=\"wp-block-heading\">2018: funda\u00e7\u00e3o da Detronic Energia<\/h3>\n\n\n\n<p>O ano de 2018 \u00e9 o in\u00edcio da Detronic Energia, um ponto de virada na hist\u00f3ria da empresa. Com este passo, o grupo Detronic pode concentrar seus esfor\u00e7os e recursos em<strong> solu\u00e7\u00f5es para fornecer energia solar <\/strong>e impactar positivamente a vida das pessoas.<\/p>\n\n\n\n<h3 class=\"wp-block-heading\">2021: cria\u00e7\u00e3o do Hub de Energia<\/h3>\n\n\n\n<p>Em 2021, a Detronic deu mais um passo com a cria\u00e7\u00e3o de um <a href=\"https:\/\/detronicenergia.com\/hub-de-energia\/\" rel=\"noreferrer noopener\" target=\"_blank\">Hub de Energia<\/a>. Esse movimento estrat\u00e9gico permitiu uma <strong>atua\u00e7\u00e3o integrada da empresa em suas opera\u00e7\u00f5es<\/strong>, promovendo maior efici\u00eancia e interconex\u00e3o entre os diferentes segmentos da Detronic.<\/p>\n\n\n\n<h3 class=\"wp-block-heading\">2022: especializa\u00e7\u00e3o em projetos de gera\u00e7\u00e3o distribu\u00edda&nbsp;<\/h3>\n\n\n\n<p>No ano seguinte, em 2022, a Detronic concentrou-se na especializa\u00e7\u00e3o <strong>de projetos de gera\u00e7\u00e3o distribu\u00edda<\/strong> e na busca por solu\u00e7\u00f5es que permitissem<strong> reduzir custos para os consumidores<\/strong>. Esse direcionamento visou oferecer solu\u00e7\u00f5es mais acess\u00edveis e eficientes aos clientes.<\/p>\n\n\n\n<h3 class=\"wp-block-heading\">2023: holding de empresas<\/h3>\n\n\n\n<p>Hoje, a Detronic Energia ainda faz parte do grupo Detronic e possui sua pr\u00f3pria holding de empresas. Essa estrutura permite que atendamos a necessidades<strong> espec\u00edficas de diversos clientes<\/strong>, consolidando nossa presen\u00e7a no mercado.<\/p>\n\n\n\n<p>Marcando essa solidez, temos o aporte de dois fundos internacionais investindo em nossos projetos: a <strong><a href=\"https:\/\/www.prnewswire.com\/news-releases\/appian-signs-brazil-clean-energy-partnership-and-equity-investment-to-accelerate-portfolio-decarbonization-strategy-301839798.html\" rel=\"noreferrer noopener\" target=\"_blank\">Appian<\/a> e MGM\/LLE<\/strong>. Esses investimentos representam o reconhecimento da qualidade e do potencial de nossas iniciativas no cen\u00e1rio global.<\/p>\n\n\n\n<h2 class=\"wp-block-heading\">Nossa miss\u00e3o, vis\u00e3o e valores&nbsp;<\/h2>\n\n\n\n<p>Al\u00e9m de conhecer nossa hist\u00f3ria, voc\u00ea talvez tenha curiosidade sobre quais s\u00e3o nossas motiva\u00e7\u00f5es. A seguir, contamos um pouco da miss\u00e3o, da vis\u00e3o e dos valores que impulsionam cada passo da Detronic Energia. Conhe\u00e7a o que nos inspira a cada dia!<\/p>\n\n\n\n<h3 class=\"wp-block-heading\">Miss\u00e3o<\/h3>\n\n\n\n<p>Nossa miss\u00e3o \u00e9 sustentada por dois pilares fundamentais: <strong>honrar a Deus<\/strong> e<strong> fornecer experi\u00eancias valorosas <\/strong>no mercado de energia.<\/p>\n\n\n\n<h3 class=\"wp-block-heading\">Vis\u00e3o<\/h3>\n\n\n\n<p>Nosso objetivo vai al\u00e9m do \u00eaxito comercial. Desejamos ser um exemplo que desencadeia <strong>transforma\u00e7\u00f5es profundas nas vidas das pessoas.<\/strong><\/p>\n\n\n\n<h3 class=\"wp-block-heading\">Valores<\/h3>\n\n\n\n<p>Nossos valores s\u00e3o enraizados na <strong>f\u00e9 em Deus<\/strong>, que nos guia em todos os aspectos do nosso trabalho. Al\u00e9m disso, a <strong>\u00e9tica<\/strong> \u00e9 a base de todas as nossas a\u00e7\u00f5es, pois queremos oferecer solu\u00e7\u00f5es de maneira justa, \u00edntegra e transparente.&nbsp;<\/p>\n\n\n\n<p>A Detronic Energia tamb\u00e9m se compromete com a<strong> excel\u00eancia<\/strong>, buscando sempre aprimorar nossos servi\u00e7os e relacionamentos.&nbsp;<\/p>\n\n\n\n<p>A <strong>sustentabilidade<\/strong> \u00e9 outra parte da nossa identidade, pois atuamos de maneira respons\u00e1vel para preservar o meio ambiente e garantir um futuro sustent\u00e1vel para todos.<\/p>\n\n\n\n<figure class=\"wp-block-gallery has-nested-images columns-default is-cropped wp-block-gallery-1 is-layout-flex wp-block-gallery-is-layout-flex\"><\/figure>\n\n\n\n<h2 class=\"wp-block-heading\">Detronic em n\u00fameros<\/h2>\n\n\n\n<p>A Detronic Energia, ao longo de sua trajet\u00f3ria, tem acumulado n\u00fameros expressivos que refletem seu <strong>compromisso com a inova\u00e7\u00e3o e sustentabilidade. <\/strong>Atualmente, a empresa contabiliza <strong>132 usinas de energia solar constru\u00eddas ou em constru\u00e7\u00e3o<\/strong>, uma marca impressionante que evidencia seu papel de lideran\u00e7a no setor. Esse esfor\u00e7o se traduz em um atendimento robusto, com <strong>mais de 5 mil clientes ativos,<\/strong> demonstrando a ampla confian\u00e7a que a Detronic inspira no mercado.<\/p>\n\n\n\n<p>Al\u00e9m disso, <strong>vale destacar a economia gerada para os clientes, que alcan\u00e7ou a cifra expressiva de R$ 32,9 milh\u00f5es<\/strong>, uma prova concreta do impacto econ\u00f4mico positivo que a energia solar proporciona aos consumidores.<\/p>\n\n\n\n<p>Sem falar que, com suas opera\u00e7\u00f5es,<strong> a Detronic conseguiu evitar a emiss\u00e3o de 16,2 mil toneladas de CO\u00b2 por ano<\/strong>, contribuindo significativamente para a luta contra as mudan\u00e7as clim\u00e1ticas e refor\u00e7ando seu compromisso com um futuro mais sustent\u00e1vel, diminuindo a <a href=\"https:\/\/detronicenergia.com\/blog\/pegada-de-carbono\/\" target=\"_blank\" rel=\"noreferrer noopener\">pegada de carbono.<\/a><\/p>\n\n\n\n<figure class=\"wp-block-image size-large\"><img loading=\"lazy\" decoding=\"async\" width=\"900\" height=\"380\" src=\"https:\/\/detronicenergia.com\/blog\/wp-content\/uploads\/2024\/01\/bandeira-de-minas-gerais_detronic-energia-1-900x380.jpg\" alt=\"Bandeira de Minas Gerais, estado da Detronic Energia\" class=\"wp-image-792\"\/><\/figure>\n\n\n\n<h2 class=\"wp-block-heading\">Rela\u00e7\u00e3o da Detronic com Minas Gerais<\/h2>\n\n\n\n<p>A sede da Detronic Energia est\u00e1 situada em Nova Lima, Minas Gerais (MG), mas a rela\u00e7\u00e3o com o estado vai al\u00e9m do endere\u00e7o. Nossa empresa tem um<strong> v\u00ednculo direto com Minas<\/strong>, pois a produ\u00e7\u00e3o de energia limpa acontece em nossas fazendas solares e \u00e9 direcionada para os usu\u00e1rios da <a href=\"https:\/\/detronicenergia.com\/blog\/valor-kwh-cemig\/\" rel=\"noreferrer noopener\" target=\"_blank\">rede CEMIG<\/a> que assinam o plano da Detronic.<\/p>\n\n\n\n<p>Nos \u00faltimos anos, o nosso <a href=\"https:\/\/detronicenergia.com\/blog\/energia-solar-por-assinatura\/\" rel=\"noreferrer noopener\" target=\"_blank\">plano de assinatura<\/a> que <a href=\"https:\/\/detronicenergia.com\/blog\/como-reduzir-a-conta-de-luz\/\" rel=\"noreferrer noopener\" target=\"_blank\">reduz a conta de luz<\/a> e democratiza o acesso \u00e0 energia limpa foi destaque em diversas mat\u00e9rias de portais de not\u00edcias, como a mat\u00e9ria do <a href=\"https:\/\/www.em.com.br\/app\/noticia\/patrocinado\/detronic\/2022\/05\/23\/noticia-patrocinado-detronic,1368402\/chega-em-minas-nova-tecnologia-que-torna-a-energia-solar-mais-acessivel.shtml\" rel=\"noreferrer noopener\" target=\"_blank\">Estado de Minas Gerais<\/a>, que ressalta o nosso compromisso em tornar a energia solar acess\u00edvel para os moradores do estado.<\/p>\n\n\n\n<p>Outro destaque \u00e9 a <a href=\"https:\/\/economia.uol.com.br\/noticias\/reuters\/2023\/06\/01\/appian-e-detronic-formam-parceria-para-construcao-de-20-parques-solares-no-brasil.htm\" rel=\"noreferrer noopener\" target=\"_blank\">mat\u00e9ria recente do portal do Uol<\/a>, que enfatizou a parceria estrat\u00e9gica entre a Appian e a Detronic Energia para a <strong>constru\u00e7\u00e3o de 20 parques solares no Brasil<\/strong>.&nbsp;<\/p>\n\n\n\n<p>Essa \u00e9 mais uma colabora\u00e7\u00e3o que mostra o compromisso da Detronic em expandir a atua\u00e7\u00e3o no setor de energias renov\u00e1veis e trazer oportunidades para o desenvolvimento de fontes limpas no pa\u00eds, com especial aten\u00e7\u00e3o para Minas Gerais.<\/p>\n\n\n\n<h2 class=\"wp-block-heading\">Iniciativas e projetos da Detronic<\/h2>\n\n\n\n<p>Como parte das estrat\u00e9gias da empresa, a Detronic Energia mant\u00e9m um programa de parcerias com outras empresas, oferecendo <strong>produtos e benef\u00edcios que v\u00e3o al\u00e9m do fornecimento de energia solar<\/strong>.<\/p>\n\n\n\n<h3 class=\"wp-block-heading\">RH Verde<\/h3>\n\n\n\n<p>Um dos produtos corporativos de destaque \u00e9 o <strong>RH Verde<\/strong>, um benef\u00edcio voltado para colaboradores e empresas parceiras. O RH Verde da Detronic Energia tem como objetivo oferecer planos de assinatura de energia solar aos funcion\u00e1rios de organiza\u00e7\u00f5es not\u00e1veis como AeC, Solides, Carbel e os <a href=\"https:\/\/clubesdocruzeiro.com.br\/em-parceria-com-a-detronic-energia-cruzeiro-oferece-reducao-de-ate-15-no-custo-com-energia\/\" rel=\"noreferrer noopener\" target=\"_blank\">Clubes do Cruzeiro.<\/a><\/p>\n\n\n\n<p>Essa abordagem permite que os colaboradores dessas empresas usufruam de vantagens exclusivas na ades\u00e3o \u00e0 energia solar. Esse modelo promove benef\u00edcios tanto para os funcion\u00e1rios quanto para as empresas, incentivando a sustentabilidade e a ado\u00e7\u00e3o de energias renov\u00e1veis.<\/p>\n\n\n\n<p>Atualmente, esse produto conta com a participa\u00e7\u00e3o de 13 empresas parceiras e um total de 493 colaboradores que tiveram a oportunidade n\u00e3o s\u00f3 de conhecer, mas tamb\u00e9m de aderir ao nosso produto.<\/p>\n\n\n\n<h3 class=\"wp-block-heading\">Luz do Bem<\/h3>\n\n\n\n<p>A Detronic Energia orgulhosamente apresenta o<strong> Luz do Bem,<\/strong> uma iniciativa inovadora que combina sustentabilidade e responsabilidade social. Este produto exclusivo permite que clientes da Detronic contribuam diretamente com projetos sociais importantes, como o <a href=\"https:\/\/www.projetonave.org\" rel=\"noreferrer noopener\" target=\"_blank\">Instituto Nave,<\/a> ao mesmo tempo em que usufruem dos benef\u00edcios da energia solar.<\/p>\n\n\n\n<p>Ao assinar o plano <a href=\"https:\/\/detronicenergia.com\/luz-do-bem\/\" rel=\"noreferrer noopener\" target=\"_blank\">Luz do Bem<\/a>, uma parcela da fatura do plano de assinatura de energia solar \u00e9 destinada a apoiar projetos sociais e mudar a vida de v\u00e1rias pessoas.<\/p>\n\n\n\n<p>Assim, os clientes da Detronic n\u00e3o s\u00f3 economizam na conta de luz com energia limpa e sustent\u00e1vel, mas tamb\u00e9m participam ativamente em causas sociais significativas, ampliando o impacto positivo da empresa na sociedade e refor\u00e7ando seu compromisso com a responsabilidade social corporativa.<\/p>\n\n\n\n<figure class=\"wp-block-image size-large is-style-default\"><img loading=\"lazy\" decoding=\"async\" width=\"900\" height=\"380\" src=\"https:\/\/detronicenergia.com\/blog\/wp-content\/uploads\/2024\/01\/Equipe-Detronic-Energia_capa-1-900x380.jpeg\" alt=\"Equipe Detronic Energia\n\" class=\"wp-image-791\"\/><\/figure>\n\n\n\n<h2 class=\"wp-block-heading\">Nosso compromisso com a sustentabilidade<\/h2>\n\n\n\n<p>A Detronic Energia se engaja em projetos que promovem pr\u00e1ticas sustent\u00e1veis, como a maior iniciativa volunt\u00e1ria de sustentabilidade corporativa do mundo: a<strong> Rede Brasil do Pacto Global, uma iniciativa da Organiza\u00e7\u00e3o das Na\u00e7\u00f5es Unidas (ONU)<\/strong>.<\/p>\n\n\n\n<p>Sendo uma das <a href=\"https:\/\/detronicenergia.com\/detronic-energia-e-a-maior-iniciativa-voluntaria-de-sustentabilidade-corporativa-do-mundo-pacto-global\/\" rel=\"noreferrer noopener\" target=\"_blank\">participantes do Pacto Global<\/a>, a Detronic reafirma seu compromisso com os Dez Princ\u00edpios universalmente aceitos nas \u00e1reas de direitos humanos, trabalho, meio ambiente e combate \u00e0 corrup\u00e7\u00e3o.<\/p>\n\n\n\n<p>Nossa empresa tamb\u00e9m tem marcado presen\u00e7a em eventos de destaque no cen\u00e1rio da sustentabilidade. Recentemente, a <strong>Detronic participou do Zero Summit 2023<\/strong>, o maior evento sobre descarboniza\u00e7\u00e3o da Am\u00e9rica Latina, bem como da <a href=\"https:\/\/www.linkedin.com\/posts\/detronic-energia_detronic-na-superminas-2023-activity-7120877870461108224-iqPy?utm_source=share&amp;utm_medium=member_desktop\" rel=\"noreferrer noopener\" target=\"_blank\">Superminas<\/a>, o maior evento empresarial de Minas Gerais, e do <a href=\"https:\/\/www.linkedin.com\/posts\/detronic-energia_eventos-cbgd-energiasolar-activity-7133559847547002880-73IV?utm_source=share&amp;utm_medium=member_desktop\" rel=\"noreferrer noopener\" target=\"_blank\">Congresso Brasileiro de Gera\u00e7\u00e3o Distribu\u00edda<\/a>.&nbsp;<\/p>\n\n\n\n<p>Buscando impulsionar mudan\u00e7as positivas em dire\u00e7\u00e3o a um futuro mais sustent\u00e1vel, nossa empresa tem participado de debates e a\u00e7\u00f5es voltadas para a transi\u00e7\u00e3o energ\u00e9tica.<\/p>\n\n\n\n<h2 class=\"wp-block-heading\">Informa\u00e7\u00f5es de contatos e vagas na Detronic<\/h2>\n\n\n\n<p>A Detronic Energia divulga as vagas em aberto <a href=\"https:\/\/detronic.vagas.solides.com.br\" rel=\"noreferrer noopener\" target=\"_blank\">nesta p\u00e1gina<\/a>. Por l\u00e1, voc\u00ea pode encontrar informa\u00e7\u00f5es detalhadas sobre cada vaga dispon\u00edvel em nossa empresa, os requisitos necess\u00e1rios e como se candidatar.&nbsp;<\/p>\n\n\n\n<p>Caso voc\u00ea queira acompanhar nossas novidades ainda mais de perto, aproveite para <a href=\"https:\/\/www.linkedin.com\/company\/detronic-energia\/\" rel=\"noreferrer noopener\" target=\"_blank\">seguir o perfil da Detronic Energia no LinkedIn<\/a>. Pelo LinkedIn, voc\u00ea ter\u00e1 acesso a informa\u00e7\u00f5es sobre novas vagas, al\u00e9m de conhecer um pouco mais da cultura e rotina da empresa.&nbsp;\u00c9 uma excelente forma de ficar por dentro das oportunidades e <strong>fazer parte do time Detronic.<\/strong><\/p>\n\n\n\n<p>Confira, logo abaixo, o depoimento de colaboradores da Detronic e veja como \u00e9 trabalhar em uma <a href=\"https:\/\/detronicenergia.com\/blog\/empresa-de-energia-solar\/\" rel=\"noreferrer noopener\" target=\"_blank\">empresa refer\u00eancia em energia solar<\/a>.<\/p>\n\n\n\n<p>&#8220;A Detronic \u00e9 uma empresa \u00fanica, trabalhar aqui \u00e9 bem peculiar. (&#8230;) <strong>Aqui voc\u00ea \u00e9 instigado a crescer profissionalmente, crescer espiritualmente e crescer em conjunto\/equipe. <\/strong>Desafios di\u00e1rios nos permite construir olhares com potenciais fora da nossa zona de conforto. Isso nos &#8216;for\u00e7a&#8217; a uma evolu\u00e7\u00e3o mais r\u00e1pida, a tomadas de decis\u00f5es mais assertivas. (&#8230;.) O desenvolvimento \u00e9 cont\u00ednuo, sempre prezando por valores e princ\u00edpios pautados em Deus. Como me falaram na entrevista de emprego: &#8216;Voc\u00ea est\u00e1 disposto a construir algo grande?&#8217;. Isso \u00e9 o que eu mais gosto,<strong> a certeza que estamos construindo juntos e transformando vidas dentro e fora da empresa<\/strong>.&#8221; &#8211; <a href=\"https:\/\/www.linkedin.com\/in\/tim%C3%B3teo-paladino-do-nascimento-\/\">Tim\u00f3teo Paladino do Nascimento<\/a>, da \u00e1rea de Engenharia\/Homologa\u00e7\u00e3o.<\/p>\n\n\n\n<p>&#8220;Na Detronic Energia, temos a oportunidade de <strong>usar nossos dons e talentos para contribuir na vida das pessoas. <\/strong>E o melhor &#8211; podemos fazer isso ao lado de pessoas parceiras que est\u00e3o sempre dispostas a ajudar e a incentivar. Sem d\u00favida, <strong>\u00e9 uma empresa que trilha por caminhos corretos e visa agregar valor na sociedade. <\/strong>No fim do dia, \u00e9 motivo de orgulho trabalhar em uma empresa \u00edntegra que, mesmo com suas falhas (afinal, nenhuma organiza\u00e7\u00e3o \u00e9 perfeita!), busca sempre honrar a Deus.&#8221; &#8211; <a href=\"https:\/\/www.linkedin.com\/in\/luiz-adolfo-j%C3%BAnior-6241371a4\/\">Luiz Adolfo Bel\u00e9m J\u00fanior<\/a>, da \u00e1rea de Melhoria\u00a0Cont\u00ednua.<\/p>\n\n\n\n<p>Se precisar entrar em contato diretamente com a nossa equipe, o <strong>n\u00famero de telefone da Detronic \u00e9 (31) 3327-3543<\/strong>.<\/p>\n\n\n\n<p>Agora que voc\u00ea conhece um pouco mais da <strong>hist\u00f3ria da Detronic Energia<\/strong>, j\u00e1 sabe que pode contar com uma empresa de refer\u00eancia em Minas Gerais para consumir energia limpa e mais barata, caso queira entrar para nosso time, contribuir com a sustentabilidade no estado de Minas.<\/p>\n\n\n\n<p>Ficou com alguma d\u00favida? Aproveite para <a href=\"https:\/\/detronicenergia.com\/contato\/?utm_source=blog&amp;utm_medium=post&amp;utm_campaign=CTA_contato_via_blogpost\" rel=\"noreferrer noopener\" target=\"_blank\">acessar o site oficial da Detronic Energia e preencher nossa ficha de contato<\/a> se quiser falar com a gente. At\u00e9 a pr\u00f3xima!<\/p>\n","protected":false},"excerpt":{"rendered":"<p>Conhe\u00e7a o pioneirismo da Detronic Energia que levou nossa empresa a se tornar refer\u00eancia em energia solar no estado de Minas Gerais.<\/p>\n","protected":false},"author":2,"featured_media":789,"comment_status":"open","ping_status":"open","sticky":false,"template":"","format":"standard","meta":{"footnotes":""},"categories":[10],"tags":[15],"class_list":["post-788","post","type-post","status-publish","format-standard","has-post-thumbnail","hentry","category-detronic-energia","tag-detronic-energia"],"acf":[],"yoast_head":"<!-- This site is optimized with the Yoast SEO plugin v20.8 - https:\/\/yoast.com\/wordpress\/plugins\/seo\/ -->\n<title>Detronic Energia: Inova\u00e7\u00e3o no setor de energia solar em Minas Gerais<\/title>\n<meta name=\"description\" content=\"Conhe\u00e7a o pioneirismo da Detronic Energia que levou nossa empresa a se tornar refer\u00eancia em energia solar no estado de Minas Gerais.\" \/>\n<meta name=\"robots\" content=\"index, follow, max-snippet:-1, max-image-preview:large, max-video-preview:-1\" \/>\n<link rel=\"canonical\" href=\"https:\/\/detronicenergia.com\/blog\/detronic-energia-solar-historia\/\" \/>\n<meta property=\"og:locale\" content=\"pt_BR\" \/>\n<meta property=\"og:type\" content=\"article\" \/>\n<meta property=\"og:title\" content=\"Detronic Energia: Inova\u00e7\u00e3o no setor de energia solar em Minas Gerais\" \/>\n<meta property=\"og:description\" content=\"Conhe\u00e7a o pioneirismo da Detronic Energia que levou nossa empresa a se tornar refer\u00eancia em energia solar no estado de Minas Gerais.\" \/>\n<meta property=\"og:url\" content=\"https:\/\/detronicenergia.com\/blog\/detronic-energia-solar-historia\/\" \/>\n<meta property=\"og:site_name\" content=\"Blog Detronic Energia\" \/>\n<meta property=\"article:published_time\" content=\"2024-01-10T13:52:02+00:00\" \/>\n<meta property=\"article:modified_time\" content=\"2024-01-05T13:54:26+00:00\" \/>\n<meta property=\"og:image\" content=\"https:\/\/detronicenergia.com\/blog\/wp-content\/uploads\/2024\/01\/Equipe-Detronic-Energia_meio-2.jpg\" \/>\n\t<meta property=\"og:image:width\" content=\"900\" \/>\n\t<meta property=\"og:image:height\" content=\"600\" \/>\n\t<meta property=\"og:image:type\" content=\"image\/jpeg\" \/>\n<meta name=\"author\" content=\"INGAGE\" \/>\n<meta name=\"twitter:card\" content=\"summary_large_image\" \/>\n<meta name=\"twitter:label1\" content=\"Escrito por\" \/>\n\t<meta name=\"twitter:data1\" content=\"INGAGE\" \/>\n\t<meta name=\"twitter:label2\" content=\"Est. tempo de leitura\" \/>\n\t<meta name=\"twitter:data2\" content=\"11 minutos\" \/>\n<script type=\"application\/ld+json\" class=\"yoast-schema-graph\">{\"@context\":\"https:\/\/schema.org\",\"@graph\":[{\"@type\":\"WebPage\",\"@id\":\"https:\/\/detronicenergia.com\/blog\/detronic-energia-solar-historia\/\",\"url\":\"https:\/\/detronicenergia.com\/blog\/detronic-energia-solar-historia\/\",\"name\":\"Detronic Energia: Inova\u00e7\u00e3o no setor de energia solar em Minas Gerais\",\"isPartOf\":{\"@id\":\"https:\/\/detronicenergia.com\/blog\/#website\"},\"datePublished\":\"2024-01-10T13:52:02+00:00\",\"dateModified\":\"2024-01-05T13:54:26+00:00\",\"author\":{\"@id\":\"https:\/\/detronicenergia.com\/blog\/#\/schema\/person\/bc4566da5789ef592d2d008fef504113\"},\"description\":\"Conhe\u00e7a o pioneirismo da Detronic Energia que levou nossa empresa a se tornar refer\u00eancia em energia solar no estado de Minas Gerais.\",\"breadcrumb\":{\"@id\":\"https:\/\/detronicenergia.com\/blog\/detronic-energia-solar-historia\/#breadcrumb\"},\"inLanguage\":\"pt-BR\",\"potentialAction\":[{\"@type\":\"ReadAction\",\"target\":[\"https:\/\/detronicenergia.com\/blog\/detronic-energia-solar-historia\/\"]}]},{\"@type\":\"BreadcrumbList\",\"@id\":\"https:\/\/detronicenergia.com\/blog\/detronic-energia-solar-historia\/#breadcrumb\",\"itemListElement\":[{\"@type\":\"ListItem\",\"position\":1,\"name\":\"In\u00edcio\",\"item\":\"https:\/\/detronicenergia.com\/blog\/\"},{\"@type\":\"ListItem\",\"position\":2,\"name\":\"Detronic Energia: Inova\u00e7\u00e3o no setor de energia solar em Minas Gerais\"}]},{\"@type\":\"WebSite\",\"@id\":\"https:\/\/detronicenergia.com\/blog\/#website\",\"url\":\"https:\/\/detronicenergia.com\/blog\/\",\"name\":\"Blog Detronic Energia\",\"description\":\"Tudo sobre energia sustent\u00e1vel\",\"potentialAction\":[{\"@type\":\"SearchAction\",\"target\":{\"@type\":\"EntryPoint\",\"urlTemplate\":\"https:\/\/detronicenergia.com\/blog\/?s={search_term_string}\"},\"query-input\":\"required name=search_term_string\"}],\"inLanguage\":\"pt-BR\"},{\"@type\":\"Person\",\"@id\":\"https:\/\/detronicenergia.com\/blog\/#\/schema\/person\/bc4566da5789ef592d2d008fef504113\",\"name\":\"INGAGE\",\"image\":{\"@type\":\"ImageObject\",\"inLanguage\":\"pt-BR\",\"@id\":\"https:\/\/detronicenergia.com\/blog\/#\/schema\/person\/image\/\",\"url\":\"https:\/\/secure.gravatar.com\/avatar\/37aa5a05a7c25482dae5987d6543105f4a7e7f5e3b64c4f41a873b2647f3832c?s=96&d=mm&r=g\",\"contentUrl\":\"https:\/\/secure.gravatar.com\/avatar\/37aa5a05a7c25482dae5987d6543105f4a7e7f5e3b64c4f41a873b2647f3832c?s=96&d=mm&r=g\",\"caption\":\"INGAGE\"},\"url\":\"https:\/\/detronicenergia.com\/blog\/author\/ingage\/\"}]}<\/script>\n<!-- \/ Yoast SEO plugin. -->","yoast_head_json":{"title":"Detronic Energia: Inova\u00e7\u00e3o no setor de energia solar em Minas Gerais","description":"Conhe\u00e7a o pioneirismo da Detronic Energia que levou nossa empresa a se tornar refer\u00eancia em energia solar no estado de Minas Gerais.","robots":{"index":"index","follow":"follow","max-snippet":"max-snippet:-1","max-image-preview":"max-image-preview:large","max-video-preview":"max-video-preview:-1"},"canonical":"https:\/\/detronicenergia.com\/blog\/detronic-energia-solar-historia\/","og_locale":"pt_BR","og_type":"article","og_title":"Detronic Energia: Inova\u00e7\u00e3o no setor de energia solar em Minas Gerais","og_description":"Conhe\u00e7a o pioneirismo da Detronic Energia que levou nossa empresa a se tornar refer\u00eancia em energia solar no estado de Minas Gerais.","og_url":"https:\/\/detronicenergia.com\/blog\/detronic-energia-solar-historia\/","og_site_name":"Blog Detronic Energia","article_published_time":"2024-01-10T13:52:02+00:00","article_modified_time":"2024-01-05T13:54:26+00:00","og_image":[{"width":900,"height":600,"url":"https:\/\/detronicenergia.com\/blog\/wp-content\/uploads\/2024\/01\/Equipe-Detronic-Energia_meio-2.jpg","type":"image\/jpeg"}],"author":"INGAGE","twitter_card":"summary_large_image","twitter_misc":{"Escrito por":"INGAGE","Est. tempo de leitura":"11 minutos"},"schema":{"@context":"https:\/\/schema.org","@graph":[{"@type":"WebPage","@id":"https:\/\/detronicenergia.com\/blog\/detronic-energia-solar-historia\/","url":"https:\/\/detronicenergia.com\/blog\/detronic-energia-solar-historia\/","name":"Detronic Energia: Inova\u00e7\u00e3o no setor de energia solar em Minas Gerais","isPartOf":{"@id":"https:\/\/detronicenergia.com\/blog\/#website"},"datePublished":"2024-01-10T13:52:02+00:00","dateModified":"2024-01-05T13:54:26+00:00","author":{"@id":"https:\/\/detronicenergia.com\/blog\/#\/schema\/person\/bc4566da5789ef592d2d008fef504113"},"description":"Conhe\u00e7a o pioneirismo da Detronic Energia que levou nossa empresa a se tornar refer\u00eancia em energia solar no estado de Minas Gerais.","breadcrumb":{"@id":"https:\/\/detronicenergia.com\/blog\/detronic-energia-solar-historia\/#breadcrumb"},"inLanguage":"pt-BR","potentialAction":[{"@type":"ReadAction","target":["https:\/\/detronicenergia.com\/blog\/detronic-energia-solar-historia\/"]}]},{"@type":"BreadcrumbList","@id":"https:\/\/detronicenergia.com\/blog\/detronic-energia-solar-historia\/#breadcrumb","itemListElement":[{"@type":"ListItem","position":1,"name":"In\u00edcio","item":"https:\/\/detronicenergia.com\/blog\/"},{"@type":"ListItem","position":2,"name":"Detronic Energia: Inova\u00e7\u00e3o no setor de energia solar em Minas Gerais"}]},{"@type":"WebSite","@id":"https:\/\/detronicenergia.com\/blog\/#website","url":"https:\/\/detronicenergia.com\/blog\/","name":"Blog Detronic Energia","description":"Tudo sobre energia sustent\u00e1vel","potentialAction":[{"@type":"SearchAction","target":{"@type":"EntryPoint","urlTemplate":"https:\/\/detronicenergia.com\/blog\/?s={search_term_string}"},"query-input":"required name=search_term_string"}],"inLanguage":"pt-BR"},{"@type":"Person","@id":"https:\/\/detronicenergia.com\/blog\/#\/schema\/person\/bc4566da5789ef592d2d008fef504113","name":"INGAGE","image":{"@type":"ImageObject","inLanguage":"pt-BR","@id":"https:\/\/detronicenergia.com\/blog\/#\/schema\/person\/image\/","url":"https:\/\/secure.gravatar.com\/avatar\/37aa5a05a7c25482dae5987d6543105f4a7e7f5e3b64c4f41a873b2647f3832c?s=96&d=mm&r=g","contentUrl":"https:\/\/secure.gravatar.com\/avatar\/37aa5a05a7c25482dae5987d6543105f4a7e7f5e3b64c4f41a873b2647f3832c?s=96&d=mm&r=g","caption":"INGAGE"},"url":"https:\/\/detronicenergia.com\/blog\/author\/ingage\/"}]}},"_links":{"self":[{"href":"https:\/\/detronicenergia.com\/blog\/wp-json\/wp\/v2\/posts\/788","targetHints":{"allow":["GET"]}}],"collection":[{"href":"https:\/\/detronicenergia.com\/blog\/wp-json\/wp\/v2\/posts"}],"about":[{"href":"https:\/\/detronicenergia.com\/blog\/wp-json\/wp\/v2\/types\/post"}],"author":[{"embeddable":true,"href":"https:\/\/detronicenergia.com\/blog\/wp-json\/wp\/v2\/users\/2"}],"replies":[{"embeddable":true,"href":"https:\/\/detronicenergia.com\/blog\/wp-json\/wp\/v2\/comments?post=788"}],"version-history":[{"count":2,"href":"https:\/\/detronicenergia.com\/blog\/wp-json\/wp\/v2\/posts\/788\/revisions"}],"predecessor-version":[{"id":794,"href":"https:\/\/detronicenergia.com\/blog\/wp-json\/wp\/v2\/posts\/788\/revisions\/794"}],"wp:featuredmedia":[{"embeddable":true,"href":"https:\/\/detronicenergia.com\/blog\/wp-json\/wp\/v2\/media\/789"}],"wp:attachment":[{"href":"https:\/\/detronicenergia.com\/blog\/wp-json\/wp\/v2\/media?parent=788"}],"wp:term":[{"taxonomy":"category","embeddable":true,"href":"https:\/\/detronicenergia.com\/blog\/wp-json\/wp\/v2\/categories?post=788"},{"taxonomy":"post_tag","embeddable":true,"href":"https:\/\/detronicenergia.com\/blog\/wp-json\/wp\/v2\/tags?post=788"}],"curies":[{"name":"wp","href":"https:\/\/api.w.org\/{rel}","templated":true}]}}