{"id":639,"date":"2023-11-16T10:00:00","date_gmt":"2023-11-16T13:00:00","guid":{"rendered":"https:\/\/detronicenergia.com\/blog\/?p=639"},"modified":"2023-11-16T14:28:51","modified_gmt":"2023-11-16T17:28:51","slug":"pegada-de-carbono","status":"publish","type":"post","link":"https:\/\/detronicenergia.com\/blog\/pegada-de-carbono\/","title":{"rendered":"Como reduzir sua pegada de carbono e contribuir para um futuro sustent\u00e1vel"},"content":{"rendered":"\n<p>A mudan\u00e7a clim\u00e1tica \u00e9 um dos maiores desafios que enfrentamos. Ao longo dos \u00faltimos 200 anos, a atividade humana tem levado nosso planeta a um ponto cr\u00edtico. Algumas a\u00e7\u00f5es podem ser colocadas em pr\u00e1tica para minimizar danos e garantir um futuro sustent\u00e1vel, e uma delas \u00e9 a redu\u00e7\u00e3o da <strong>pegada de carbono<\/strong>.<\/p>\n\n\n\n<p>Ao reduzirmos nossa pegada de carbono, estamos diminuindo os danos provenientes da polui\u00e7\u00e3o ambiental. Para isso, \u00e9 preciso tomar decis\u00f5es mais conscientes, principalmente em rela\u00e7\u00e3o ao consumo de energia.<\/p>\n\n\n\n<p>Agora \u00e9 o momento de agir, assumindo a responsabilidade e fazendo escolhas sustent\u00e1veis. Continue a leitura e entenda como fazer a sua parte!<\/p>\n\n\n\n<h2 class=\"wp-block-heading\">As consequ\u00eancias da emiss\u00e3o em excesso de CO\u2082<\/h2>\n\n\n\n<p>O di\u00f3xido de carbono \u00e9 frequentemente chamado por sua f\u00f3rmula qu\u00edmica CO\u2082, em que &#8220;C&#8221; significa carbono e &#8220;O&#8221; \u00e9 o oxig\u00eanio.&nbsp;<\/p>\n\n\n\n<p>O composto qu\u00edmico de forma isolada n\u00e3o causa preju\u00edzos. Na verdade, o CO\u2082 desempenha um papel crucial na manuten\u00e7\u00e3o do clima da Terra. Este g\u00e1s tem a capacidade de reter o calor do sol na atmosfera, sendo um dos principais gases respons\u00e1veis pelo fen\u00f4meno conhecido como efeito estufa.<\/p>\n\n\n\n<p>Assim, o CO\u2082 permite que o calor n\u00e3o escape de volta para o espa\u00e7o. Sem o efeito estufa, nosso planeta seria muito mais frio, a ponto de nossos oceanos poderem estar congelados. Portanto,<strong> algum n\u00edvel de CO\u2082 \u00e9 necess\u00e1rio para manter a vida na Terra como conhecemos.<\/strong><\/p>\n\n\n\n<h3 class=\"wp-block-heading\">Ent\u00e3o, por que o CO\u2082 \u00e9 entendido como vil\u00e3o?<\/h3>\n\n\n\n<p>O CO2 ganhou essa fama devido ao excesso desse g\u00e1s na atmosfera terrestre. Esse fen\u00f4meno \u00e9 decorrente das atividades humanas, principalmente da queima de combust\u00edveis f\u00f3sseis e o desmatamento.<\/p>\n\n\n\n<p>A queima de combust\u00edveis necess\u00e1ria para gera\u00e7\u00e3o de gasolina, g\u00e1s, petr\u00f3leo, fontes energ\u00e9ticas presentes nas atividades humanas, libera uma quantidade de CO\u2082 na atmosfera que ultrapassa a capacidade de absor\u00e7\u00e3o pelos processos naturais.<\/p>\n\n\n\n<p>Por &#8216;processos naturais&#8217;, estamos falando da maneira como a natureza, de forma aut\u00f4noma, consegue equilibrar os n\u00edveis de CO\u2082. Por exemplo, <strong>as florestas e outros tipos de vegeta\u00e7\u00e3o desempenham um papel crucial nessa regula\u00e7\u00e3o<\/strong>, pois as \u00e1rvores absorvem CO\u2082 durante a fotoss\u00edntese, ajudando a limpar o ar.<\/p>\n\n\n\n<p>No entanto, estamos adicionando CO\u2082 \u00e0 atmosfera em uma taxa mais r\u00e1pida do que as florestas e os oceanos conseguem absorver. Isso resulta em um ac\u00famulo constante de CO\u2082, que intensifica o efeito estufa, <strong>impulsionando as mudan\u00e7as clim\u00e1ticas e o aquecimento global.<\/strong><\/p>\n\n\n\n<p>Para colocar em perspectiva, as emiss\u00f5es de CO\u2082 resultantes da queima de combust\u00edveis f\u00f3sseis aumentaram exponencialmente, passando de 11 bilh\u00f5es de toneladas anualmente na d\u00e9cada de 1960, para cerca de <strong>36,6 bilh\u00f5es de toneladas em um \u00fanico ano<\/strong> recentemente. Os dados s\u00e3o do <a href=\"https:\/\/www.globalcarbonproject.org\/carbonbudget\/22\/files\/GCP_CarbonBudget_2022.pdf\" rel=\"noreferrer noopener\" target=\"_blank\">Or\u00e7amento Global de Carbono 2022<\/a>.<\/p>\n\n\n\n<h3 class=\"wp-block-heading\">Por que a preocupa\u00e7\u00e3o com medidas sustent\u00e1veis e energia limpa?<\/h3>\n\n\n\n<p>As consequ\u00eancias a longo prazo do aumento de di\u00f3xido de carbono na atmosfera s\u00e3o graves, incluindo o<strong> preju\u00edzo \u00e0 qualidade de vida das pessoas no planeta<\/strong>.&nbsp;<\/p>\n\n\n\n<p>Apesar da situa\u00e7\u00e3o preocupante, existe esperan\u00e7a, de acordo com os dados do <a href=\"https:\/\/www.ipcc.ch\/report\/ar6\/wg2\/downloads\/report\/IPCC_AR6_WGII_SummaryVolume.pdf\" rel=\"noreferrer noopener\" target=\"_blank\">relat\u00f3rio recente<\/a> do Painel Intergovernamental sobre Mudan\u00e7as Clim\u00e1ticas (IPCC, na sigla em ingl\u00eas).<\/p>\n\n\n\n<p>Esses dados sugerem que se conseguirmos controlar o aumento da temperatura m\u00e9dia global para n\u00e3o ultrapassar 1,5 grau Celsius acima dos n\u00edveis que t\u00ednhamos antes da Revolu\u00e7\u00e3o Industrial (\u00e9poca em que come\u00e7amos a queimar combust\u00edveis f\u00f3sseis em larga escala), poder\u00edamos minimizar os impactos devastadores das mudan\u00e7as clim\u00e1ticas.<\/p>\n\n\n\n<p>Em outras palavras, existe uma pequena janela de tempo para que o pior seja evitado. <strong>Medidas cotidianas de sustentabilidade<\/strong> e a<strong> aposta em fontes de energia renov\u00e1veis<\/strong> podem ajudar o planeta.<\/p>\n\n\n\n<p>Embora as empresas desempenhem um papel crucial na constru\u00e7\u00e3o de um futuro sustent\u00e1vel, cada indiv\u00edduo pode fazer a diferen\u00e7a ao adotar medidas pr\u00e1ticas no dia a dia. Aqui est\u00e3o algumasdicas para come\u00e7ar:<\/p>\n\n\n\n<ul class=\"wp-block-list\">\n<li><strong>caminhe, use a bicicleta ou utilize o transporte p\u00fablico<\/strong> sempre que puder, reduzindo as emiss\u00f5es de gases poluentes por carros particulares;<\/li>\n\n\n\n<li><strong>compre produtos com embalagens recicl\u00e1veis<\/strong> e evite o uso de produtos descart\u00e1veis sempre que poss\u00edvel;<\/li>\n\n\n\n<li><strong>d\u00ea prefer\u00eancia a produtos com certifica\u00e7\u00f5es ecol\u00f3gicas<\/strong>, como r\u00f3tulos org\u00e2nicos ou energias renov\u00e1veis;<\/li>\n\n\n\n<li><strong>participe de grupos comunit\u00e1rios <\/strong>ou voluntarie-se em projetos de sustentabilidade para promover mudan\u00e7as positivas na sua regi\u00e3o;<\/li>\n\n\n\n<li><strong>opte por fontes de energia renov\u00e1veis<\/strong> para <a href=\"https:\/\/detronicenergia.com\/blog\/economizar-energia-eletrica\/\" rel=\"noreferrer noopener\" target=\"_blank\">economizar na conta de luz<\/a> da sua casa.<\/li>\n<\/ul>\n\n\n\n<p><strong>Cada a\u00e7\u00e3o conta! <\/strong>Ao abra\u00e7armos essas pr\u00e1ticas, n\u00e3o apenas mitigamos os efeitos das mudan\u00e7as clim\u00e1ticas, mas tamb\u00e9m abrimos caminho para um futuro mais sustent\u00e1vel.<\/p>\n\n\n\n<figure class=\"wp-block-image size-full\"><img loading=\"lazy\" decoding=\"async\" width=\"899\" height=\"536\" src=\"https:\/\/detronicenergia.com\/blog\/wp-content\/uploads\/2023\/08\/pegada-de-carbono_meio-1.jpg\" alt=\"Pegada de carbono: entenda como diminuir a sua para um mundo mais sustent\u00e1vel\" class=\"wp-image-642\" srcset=\"https:\/\/detronicenergia.com\/blog\/wp-content\/uploads\/2023\/08\/pegada-de-carbono_meio-1.jpg 899w, https:\/\/detronicenergia.com\/blog\/wp-content\/uploads\/2023\/08\/pegada-de-carbono_meio-1-768x458.jpg 768w\" sizes=\"auto, (max-width: 899px) 100vw, 899px\" \/><\/figure>\n\n\n\n<h2 class=\"wp-block-heading\">O papel da energia renov\u00e1vel para reduzir a pegada de carbono<\/h2>\n\n\n\n<p>Estamos diante de um momento crucial na batalha contra as mudan\u00e7as clim\u00e1ticas, e a chave para o nosso \u00eaxito est\u00e1 na redu\u00e7\u00e3o da pegada de carbono. A prop\u00f3sito, voc\u00ea sabe o que \u00e9 a pegada de carbono?<\/p>\n\n\n\n<p>Esse \u00e9 um indicador ambiental que avalia<strong> a quantidade de gases de efeito estufa emitida direta ou indiretamente por empresas e pessoas<\/strong>. No caso das empresas, todos os processos envolvidos antes, durante e depois da fabrica\u00e7\u00e3o de produtos ou da presta\u00e7\u00e3o de servi\u00e7os s\u00e3o considerados no c\u00e1lculo.<\/p>\n\n\n\n<p>Felizmente, <strong>as empresas podem adotar diferentes medidas para reduzir ou compensar sua pegada de carbono<\/strong>. Os principais exemplos s\u00e3o a melhoria da efici\u00eancia energ\u00e9tica e o consumo de energia de origem 100% renov\u00e1vel.<\/p>\n\n\n\n<p>A energia renov\u00e1vel \u00e9 gerada a partir de fontes naturais, como a luz solar, o vento, a \u00e1gua e a biomassa. Diferentemente dos combust\u00edveis f\u00f3sseis, sua gera\u00e7\u00e3o n\u00e3o libera geram CO\u2082 diretamente.<\/p>\n\n\n\n<p>No Brasil, existem solu\u00e7\u00f5es inovadoras que podem acelerar a ado\u00e7\u00e3o da energia renov\u00e1vel por parte de empresas e resid\u00eancias. \u00d3timos exemplos s\u00e3o as estrat\u00e9gias que contribuem para o aumento da produ\u00e7\u00e3o de energia solar, como a <strong>gera\u00e7\u00e3o distribu\u00edda e os <a href=\"https:\/\/detronicenergia.com\/assinatura-de-energia\/\" rel=\"noreferrer noopener\" target=\"_blank\">planos de energia solar<\/a><\/strong>. Entenda como tudo isso funciona a seguir.<\/p>\n\n\n\n<h3 class=\"wp-block-heading\">Gera\u00e7\u00e3o distribu\u00edda<\/h3>\n\n\n\n<p>A Gera\u00e7\u00e3o Distribu\u00edda (GD) \u00e9 a modalidade que permite a produ\u00e7\u00e3o de energia limpa em pequena escala, pr\u00f3ximo aos locais de consumo.<\/p>\n\n\n\n<p>Nessa modalidade, n\u00e3o s\u00f3 grandes empresas, mas consumidores residenciais podem gerar a sua pr\u00f3pria eletricidade a partir de fontes renov\u00e1veis como a solar ou e\u00f3lica, por exemplo. Essa <strong>solu\u00e7\u00e3o descentralizada reduz a necessidade de grandes investimentos em infraestrutura<\/strong> para a produ\u00e7\u00e3o de energia el\u00e9trica, al\u00e9m de contribuir com a sustentabilidade do planeta.<\/p>\n\n\n\n<p>No Brasil, a gera\u00e7\u00e3o distribu\u00edda est\u00e1 prevista legalmente na Lei <a href=\"http:\/\/legislacao.planalto.gov.br\/legisla\/legislacao.nsf\/Viw_Identificacao\/lei%2014.300-2022?OpenDocument\" rel=\"noreferrer noopener\" target=\"_blank\">14.300<\/a>, sancionada em 2022, que institui o marco legal da micro e minigera\u00e7\u00e3o de energia.<\/p>\n\n\n\n<h3 class=\"wp-block-heading\">Planos de energia solar<\/h3>\n\n\n\n<p>O sol \u00e9 uma fonte de energia abundante e dispon\u00edvel no mundo todo. Um grande entrave para a ado\u00e7\u00e3o da energia solar como <a href=\"https:\/\/detronicenergia.com\/blog\/fontes-alternativas-de-energia\/\" rel=\"noreferrer noopener\" target=\"_blank\">fonte alternativa<\/a> \u00e9 o desconhecimento dessa op\u00e7\u00e3o ou o entendimento de que s\u00f3 \u00e9 poss\u00edvel atrav\u00e9s da instala\u00e7\u00e3o pr\u00f3pria de placas solares, que tem um custo inicial mais elevado.<\/p>\n\n\n\n<p>Felizmente, com o plano de energia solar, isso mudou. Agora, voc\u00ea pode obter a energia limpa <strong>sem a necessidade de instala\u00e7\u00e3o, obras ou investimento. <\/strong>Ao escolher um plano de assinatura de energia solar, voc\u00ea vira cliente de <a href=\"https:\/\/detronicenergia.com\/blog\/empresa-de-energia-solar\/\" rel=\"noreferrer noopener\" target=\"_blank\">empresas especializadas<\/a> que geram a energia solar nas fazendas pr\u00f3prias e fazem a inje\u00e7\u00e3o para as distribuidoras que levam a energia el\u00e9trica at\u00e9 voc\u00ea.<\/p>\n\n\n\n<p>O produto \u00e9 voltado para empresas, resid\u00eancias, condom\u00ednios&#8230; <strong>Basicamente, para todos que possuem energia el\u00e9trica e desejam adotar uma energia limpa e mais barata.<\/strong><\/p>\n\n\n\n<p>Funciona como uma assinatura de &#8220;streaming&#8221;: o cliente escolhe o plano e recebe mensalmente os cr\u00e9ditos de energia que viram desconto na conta. Ou seja, o valor final pago pelo consumo de energia ser\u00e1 mais barato.<\/p>\n\n\n\n<p>Se voc\u00ea gostou da ideia de aderir a um plano de energia solar, mas n\u00e3o sabe por onde come\u00e7ar, <strong>conhe\u00e7a j\u00e1 a Detronic<\/strong>! Nossa empresa se destaca pelo compromisso em oferecer solu\u00e7\u00f5es de energia limpa e sustent\u00e1vel.<\/p>\n\n\n\n<p>Ajudamos tanto empresas (pessoa jur\u00eddica) quanto indiv\u00edduos (pessoa f\u00edsica) a adotarem uma abordagem mais consciente em rela\u00e7\u00e3o ao consumo de energia, e o melhor: sem custos para instalar ou manter uma infraestrutura de gera\u00e7\u00e3o.&nbsp;<\/p>\n\n\n\n<p>Cada escolha consciente conta para a reduzir a<strong> pegada de carbono<\/strong>. Ao optar por fontes de energia renov\u00e1vel, voc\u00ea pode fazer a diferen\u00e7a ao diminuir as emiss\u00f5es de CO\u2082 na atmosfera e preservar o meio ambiente.<\/p>\n\n\n\n<p>Convidamos voc\u00ea a conhecer as solu\u00e7\u00f5es de energia limpa da Detronic e a se juntar a n\u00f3s na constru\u00e7\u00e3o de um futuro melhor. <a href=\"https:\/\/detronicenergia.com\/contato\/?utm_source=blog&amp;utm_medium=post&amp;utm_campaign=CTA_contato_via_blogpost\" target=\"_blank\" rel=\"noreferrer noopener\">Acesse nosso site e entre em contato<\/a>!<\/p>\n","protected":false},"excerpt":{"rendered":"<p>Com o consumo de energia gerada por fontes renov\u00e1veis, podemos reduzir a sua pegada de carbono e mitigar os efeitos da mudan\u00e7a clim\u00e1tica. Saiba mais!<\/p>\n","protected":false},"author":1,"featured_media":641,"comment_status":"open","ping_status":"open","sticky":false,"template":"","format":"standard","meta":{"footnotes":""},"categories":[14],"tags":[22,25,34,24],"class_list":["post-639","post","type-post","status-publish","format-standard","has-post-thumbnail","hentry","category-sustentabilidade","tag-economizar-energia","tag-planeta-sustentavel","tag-reduzir-pegada-de-carbono","tag-sustentabilidade"],"acf":[],"yoast_head":"<!-- This site is optimized with the Yoast SEO plugin v20.8 - https:\/\/yoast.com\/wordpress\/plugins\/seo\/ -->\n<title>Como reduzir sua pegada de carbono para um mundo sustent\u00e1vel<\/title>\n<meta name=\"description\" content=\"Com o consumo de energia gerada por fontes renov\u00e1veis, podemos reduzir a sua pegada de carbono e mitigar os efeitos da mudan\u00e7a clim\u00e1tica. Saiba mais!\" \/>\n<meta name=\"robots\" content=\"index, follow, max-snippet:-1, max-image-preview:large, max-video-preview:-1\" \/>\n<link rel=\"canonical\" href=\"https:\/\/detronicenergia.com\/blog\/pegada-de-carbono\/\" \/>\n<meta property=\"og:locale\" content=\"pt_BR\" \/>\n<meta property=\"og:type\" content=\"article\" \/>\n<meta property=\"og:title\" content=\"Como reduzir sua pegada de carbono para um mundo sustent\u00e1vel\" \/>\n<meta property=\"og:description\" content=\"Com o consumo de energia gerada por fontes renov\u00e1veis, podemos reduzir a sua pegada de carbono e mitigar os efeitos da mudan\u00e7a clim\u00e1tica. Saiba mais!\" \/>\n<meta property=\"og:url\" content=\"https:\/\/detronicenergia.com\/blog\/pegada-de-carbono\/\" \/>\n<meta property=\"og:site_name\" content=\"Blog Detronic Energia\" \/>\n<meta property=\"article:published_time\" content=\"2023-11-16T13:00:00+00:00\" \/>\n<meta property=\"article:modified_time\" content=\"2023-11-16T17:28:51+00:00\" \/>\n<meta property=\"og:image\" content=\"https:\/\/detronicenergia.com\/blog\/wp-content\/uploads\/2023\/08\/pegada-de-carbono_topo-scaled.jpg\" \/>\n\t<meta property=\"og:image:width\" content=\"2560\" \/>\n\t<meta property=\"og:image:height\" content=\"1707\" \/>\n\t<meta property=\"og:image:type\" content=\"image\/jpeg\" \/>\n<meta name=\"author\" content=\"admin\" \/>\n<meta name=\"twitter:card\" content=\"summary_large_image\" \/>\n<meta name=\"twitter:label1\" content=\"Escrito por\" \/>\n\t<meta name=\"twitter:data1\" content=\"admin\" \/>\n\t<meta name=\"twitter:label2\" content=\"Est. tempo de leitura\" \/>\n\t<meta name=\"twitter:data2\" content=\"8 minutos\" \/>\n<script type=\"application\/ld+json\" class=\"yoast-schema-graph\">{\"@context\":\"https:\/\/schema.org\",\"@graph\":[{\"@type\":\"WebPage\",\"@id\":\"https:\/\/detronicenergia.com\/blog\/pegada-de-carbono\/\",\"url\":\"https:\/\/detronicenergia.com\/blog\/pegada-de-carbono\/\",\"name\":\"Como reduzir sua pegada de carbono para um mundo sustent\u00e1vel\",\"isPartOf\":{\"@id\":\"https:\/\/detronicenergia.com\/blog\/#website\"},\"datePublished\":\"2023-11-16T13:00:00+00:00\",\"dateModified\":\"2023-11-16T17:28:51+00:00\",\"author\":{\"@id\":\"https:\/\/detronicenergia.com\/blog\/#\/schema\/person\/0da82220212424c20fb1c2df0d51eda6\"},\"description\":\"Com o consumo de energia gerada por fontes renov\u00e1veis, podemos reduzir a sua pegada de carbono e mitigar os efeitos da mudan\u00e7a clim\u00e1tica. Saiba mais!\",\"breadcrumb\":{\"@id\":\"https:\/\/detronicenergia.com\/blog\/pegada-de-carbono\/#breadcrumb\"},\"inLanguage\":\"pt-BR\",\"potentialAction\":[{\"@type\":\"ReadAction\",\"target\":[\"https:\/\/detronicenergia.com\/blog\/pegada-de-carbono\/\"]}]},{\"@type\":\"BreadcrumbList\",\"@id\":\"https:\/\/detronicenergia.com\/blog\/pegada-de-carbono\/#breadcrumb\",\"itemListElement\":[{\"@type\":\"ListItem\",\"position\":1,\"name\":\"In\u00edcio\",\"item\":\"https:\/\/detronicenergia.com\/blog\/\"},{\"@type\":\"ListItem\",\"position\":2,\"name\":\"Como reduzir sua pegada de carbono e contribuir para um futuro sustent\u00e1vel\"}]},{\"@type\":\"WebSite\",\"@id\":\"https:\/\/detronicenergia.com\/blog\/#website\",\"url\":\"https:\/\/detronicenergia.com\/blog\/\",\"name\":\"Blog Detronic Energia\",\"description\":\"Tudo sobre energia sustent\u00e1vel\",\"potentialAction\":[{\"@type\":\"SearchAction\",\"target\":{\"@type\":\"EntryPoint\",\"urlTemplate\":\"https:\/\/detronicenergia.com\/blog\/?s={search_term_string}\"},\"query-input\":\"required name=search_term_string\"}],\"inLanguage\":\"pt-BR\"},{\"@type\":\"Person\",\"@id\":\"https:\/\/detronicenergia.com\/blog\/#\/schema\/person\/0da82220212424c20fb1c2df0d51eda6\",\"name\":\"admin\",\"image\":{\"@type\":\"ImageObject\",\"inLanguage\":\"pt-BR\",\"@id\":\"https:\/\/detronicenergia.com\/blog\/#\/schema\/person\/image\/\",\"url\":\"https:\/\/secure.gravatar.com\/avatar\/43eeb1a4cdbbf8e8b3b54e2ea5d8dfdc5447e0f7d023860a765dab39cabcca9d?s=96&d=mm&r=g\",\"contentUrl\":\"https:\/\/secure.gravatar.com\/avatar\/43eeb1a4cdbbf8e8b3b54e2ea5d8dfdc5447e0f7d023860a765dab39cabcca9d?s=96&d=mm&r=g\",\"caption\":\"admin\"},\"sameAs\":[\"https:\/\/detronicenergia.com\/blog\/\"],\"url\":\"https:\/\/detronicenergia.com\/blog\/author\/lais-santos\/\"}]}<\/script>\n<!-- \/ Yoast SEO plugin. -->","yoast_head_json":{"title":"Como reduzir sua pegada de carbono para um mundo sustent\u00e1vel","description":"Com o consumo de energia gerada por fontes renov\u00e1veis, podemos reduzir a sua pegada de carbono e mitigar os efeitos da mudan\u00e7a clim\u00e1tica. Saiba mais!","robots":{"index":"index","follow":"follow","max-snippet":"max-snippet:-1","max-image-preview":"max-image-preview:large","max-video-preview":"max-video-preview:-1"},"canonical":"https:\/\/detronicenergia.com\/blog\/pegada-de-carbono\/","og_locale":"pt_BR","og_type":"article","og_title":"Como reduzir sua pegada de carbono para um mundo sustent\u00e1vel","og_description":"Com o consumo de energia gerada por fontes renov\u00e1veis, podemos reduzir a sua pegada de carbono e mitigar os efeitos da mudan\u00e7a clim\u00e1tica. Saiba mais!","og_url":"https:\/\/detronicenergia.com\/blog\/pegada-de-carbono\/","og_site_name":"Blog Detronic Energia","article_published_time":"2023-11-16T13:00:00+00:00","article_modified_time":"2023-11-16T17:28:51+00:00","og_image":[{"width":2560,"height":1707,"url":"https:\/\/detronicenergia.com\/blog\/wp-content\/uploads\/2023\/08\/pegada-de-carbono_topo-scaled.jpg","type":"image\/jpeg"}],"author":"admin","twitter_card":"summary_large_image","twitter_misc":{"Escrito por":"admin","Est. tempo de leitura":"8 minutos"},"schema":{"@context":"https:\/\/schema.org","@graph":[{"@type":"WebPage","@id":"https:\/\/detronicenergia.com\/blog\/pegada-de-carbono\/","url":"https:\/\/detronicenergia.com\/blog\/pegada-de-carbono\/","name":"Como reduzir sua pegada de carbono para um mundo sustent\u00e1vel","isPartOf":{"@id":"https:\/\/detronicenergia.com\/blog\/#website"},"datePublished":"2023-11-16T13:00:00+00:00","dateModified":"2023-11-16T17:28:51+00:00","author":{"@id":"https:\/\/detronicenergia.com\/blog\/#\/schema\/person\/0da82220212424c20fb1c2df0d51eda6"},"description":"Com o consumo de energia gerada por fontes renov\u00e1veis, podemos reduzir a sua pegada de carbono e mitigar os efeitos da mudan\u00e7a clim\u00e1tica. Saiba mais!","breadcrumb":{"@id":"https:\/\/detronicenergia.com\/blog\/pegada-de-carbono\/#breadcrumb"},"inLanguage":"pt-BR","potentialAction":[{"@type":"ReadAction","target":["https:\/\/detronicenergia.com\/blog\/pegada-de-carbono\/"]}]},{"@type":"BreadcrumbList","@id":"https:\/\/detronicenergia.com\/blog\/pegada-de-carbono\/#breadcrumb","itemListElement":[{"@type":"ListItem","position":1,"name":"In\u00edcio","item":"https:\/\/detronicenergia.com\/blog\/"},{"@type":"ListItem","position":2,"name":"Como reduzir sua pegada de carbono e contribuir para um futuro sustent\u00e1vel"}]},{"@type":"WebSite","@id":"https:\/\/detronicenergia.com\/blog\/#website","url":"https:\/\/detronicenergia.com\/blog\/","name":"Blog Detronic Energia","description":"Tudo sobre energia sustent\u00e1vel","potentialAction":[{"@type":"SearchAction","target":{"@type":"EntryPoint","urlTemplate":"https:\/\/detronicenergia.com\/blog\/?s={search_term_string}"},"query-input":"required name=search_term_string"}],"inLanguage":"pt-BR"},{"@type":"Person","@id":"https:\/\/detronicenergia.com\/blog\/#\/schema\/person\/0da82220212424c20fb1c2df0d51eda6","name":"admin","image":{"@type":"ImageObject","inLanguage":"pt-BR","@id":"https:\/\/detronicenergia.com\/blog\/#\/schema\/person\/image\/","url":"https:\/\/secure.gravatar.com\/avatar\/43eeb1a4cdbbf8e8b3b54e2ea5d8dfdc5447e0f7d023860a765dab39cabcca9d?s=96&d=mm&r=g","contentUrl":"https:\/\/secure.gravatar.com\/avatar\/43eeb1a4cdbbf8e8b3b54e2ea5d8dfdc5447e0f7d023860a765dab39cabcca9d?s=96&d=mm&r=g","caption":"admin"},"sameAs":["https:\/\/detronicenergia.com\/blog\/"],"url":"https:\/\/detronicenergia.com\/blog\/author\/lais-santos\/"}]}},"_links":{"self":[{"href":"https:\/\/detronicenergia.com\/blog\/wp-json\/wp\/v2\/posts\/639","targetHints":{"allow":["GET"]}}],"collection":[{"href":"https:\/\/detronicenergia.com\/blog\/wp-json\/wp\/v2\/posts"}],"about":[{"href":"https:\/\/detronicenergia.com\/blog\/wp-json\/wp\/v2\/types\/post"}],"author":[{"embeddable":true,"href":"https:\/\/detronicenergia.com\/blog\/wp-json\/wp\/v2\/users\/1"}],"replies":[{"embeddable":true,"href":"https:\/\/detronicenergia.com\/blog\/wp-json\/wp\/v2\/comments?post=639"}],"version-history":[{"count":3,"href":"https:\/\/detronicenergia.com\/blog\/wp-json\/wp\/v2\/posts\/639\/revisions"}],"predecessor-version":[{"id":744,"href":"https:\/\/detronicenergia.com\/blog\/wp-json\/wp\/v2\/posts\/639\/revisions\/744"}],"wp:featuredmedia":[{"embeddable":true,"href":"https:\/\/detronicenergia.com\/blog\/wp-json\/wp\/v2\/media\/641"}],"wp:attachment":[{"href":"https:\/\/detronicenergia.com\/blog\/wp-json\/wp\/v2\/media?parent=639"}],"wp:term":[{"taxonomy":"category","embeddable":true,"href":"https:\/\/detronicenergia.com\/blog\/wp-json\/wp\/v2\/categories?post=639"},{"taxonomy":"post_tag","embeddable":true,"href":"https:\/\/detronicenergia.com\/blog\/wp-json\/wp\/v2\/tags?post=639"}],"curies":[{"name":"wp","href":"https:\/\/api.w.org\/{rel}","templated":true}]}}